{"id":353,"date":"2024-05-13T20:35:15","date_gmt":"2024-05-13T23:35:15","guid":{"rendered":"https:\/\/www.globalprev.com.br\/institucional\/?p=353"},"modified":"2024-05-13T20:35:15","modified_gmt":"2024-05-13T23:35:15","slug":"cuidados-essenciais-para-uma-melhor-qualidade-de-vida-na-terceira-idade","status":"publish","type":"post","link":"https:\/\/www.globalprev.com.br\/institucional\/cuidados-essenciais-para-uma-melhor-qualidade-de-vida-na-terceira-idade\/","title":{"rendered":"Cuidados Essenciais para uma Melhor Qualidade de Vida na Terceira Idade"},"content":{"rendered":"\n<p>O envelhecimento \u00e9 uma parte natural da vida, e com o aumento da expectativa de vida, os cuidados com os idosos tornaram-se uma quest\u00e3o cada vez mais importante. Proporcionar um ambiente seguro, saud\u00e1vel e afetuoso para os idosos \u00e9 essencial para garantir uma melhor qualidade de vida durante a terceira idade. Neste artigo, abordaremos os cuidados fundamentais que podem contribuir para o bem-estar e a felicidade dos idosos.<\/p>\n\n\n\n<p><strong>Sa\u00fade e Bem-Estar<\/strong><\/p>\n\n\n\n<ol class=\"wp-block-list\">\n<li><strong>Consultas M\u00e9dicas Regulares<\/strong>: Agendar consultas m\u00e9dicas peri\u00f3dicas \u00e9 crucial para monitorar a sa\u00fade dos idosos, identificar poss\u00edveis problemas de sa\u00fade precocemente e garantir o tratamento adequado.<\/li>\n\n\n\n<li><strong>Alimenta\u00e7\u00e3o Balanceada<\/strong>: Uma dieta equilibrada e nutritiva \u00e9 fundamental para promover a sa\u00fade e o bem-estar dos idosos. Incentive o consumo de frutas, vegetais, prote\u00ednas magras e alimentos ricos em fibras.<\/li>\n\n\n\n<li><strong>Exerc\u00edcios F\u00edsicos<\/strong>: Estimular a pr\u00e1tica regular de atividades f\u00edsicas adequadas \u00e0 idade e condi\u00e7\u00e3o f\u00edsica do idoso pode ajudar a melhorar a sa\u00fade cardiovascular, fortalecer os m\u00fasculos e ossos, e promover uma maior independ\u00eancia.<\/li>\n<\/ol>\n\n\n\n<p><strong>Seguran\u00e7a em Casa<\/strong><\/p>\n\n\n\n<ol class=\"wp-block-list\">\n<li><strong>Adapta\u00e7\u00f5es no Ambiente<\/strong>: Fa\u00e7a adapta\u00e7\u00f5es na casa para torn\u00e1-la mais segura e acess\u00edvel para os idosos, como instalar barras de apoio no banheiro, tapetes antiderrapantes e corrim\u00e3os nas escadas.<\/li>\n\n\n\n<li><strong>Preven\u00e7\u00e3o de Quedas<\/strong>: Reduza o risco de quedas mantendo os espa\u00e7os livres de obst\u00e1culos, garantindo uma boa ilumina\u00e7\u00e3o em todos os c\u00f4modos e incentivando o uso de cal\u00e7ados confort\u00e1veis e antiderrapantes.<\/li>\n<\/ol>\n\n\n\n<p><strong>Bem-Estar Emocional<\/strong><\/p>\n\n\n\n<ol class=\"wp-block-list\">\n<li><strong>Atividades Sociais<\/strong>: Incentive a participa\u00e7\u00e3o em atividades sociais, como grupos de conviv\u00eancia, clubes da terceira idade, aulas de artesanato ou atividades religiosas, para promover o conv\u00edvio social e combater o isolamento.<\/li>\n\n\n\n<li><strong>Estimula\u00e7\u00e3o Mental<\/strong>: Estimule o c\u00e9rebro dos idosos com jogos, quebra-cabe\u00e7as, leitura, palavras cruzadas ou atividades que desafiem a mem\u00f3ria e a cogni\u00e7\u00e3o.<\/li>\n<\/ol>\n\n\n\n<p><strong>Apoio e Carinho<\/strong><\/p>\n\n\n\n<ol class=\"wp-block-list\">\n<li><strong>Apoio Familiar<\/strong>: Ofere\u00e7a apoio emocional e pr\u00e1tico aos idosos, demonstrando amor, compreens\u00e3o e paci\u00eancia em todas as situa\u00e7\u00f5es.<\/li>\n\n\n\n<li><strong>Profissionais de Sa\u00fade<\/strong>: Conte com o apoio de profissionais de sa\u00fade, como cuidadores, enfermeiros e assistentes sociais, quando necess\u00e1rio, para garantir cuidados especializados e uma melhor qualidade de vida para os idosos.<\/li>\n<\/ol>\n\n\n\n<p>Ao adotar medidas para promover a sa\u00fade f\u00edsica, emocional e social dos idosos, \u00e9 poss\u00edvel proporcionar a eles uma vida mais feliz, saud\u00e1vel e significativa durante a terceira idade. Priorize o bem-estar dos idosos e ofere\u00e7a a eles o amor e o respeito que merecem.<\/p>\n","protected":false},"excerpt":{"rendered":"<p>O envelhecimento \u00e9 uma parte natural da vida, e com o aumento da expectativa de vida, os cuidados com os idosos tornaram-se uma quest\u00e3o cada vez mais importante. Proporcionar um ambiente seguro, saud\u00e1vel e afetuoso para os idosos \u00e9 essencial para garantir uma melhor qualidade de vida durante a terceira idade. Neste artigo, abordaremos os [&hellip;]<\/p>\n","protected":false},"author":1,"featured_media":354,"comment_status":"open","ping_status":"open","sticky":false,"template":"","format":"standard","meta":{"footnotes":""},"categories":[1],"tags":[],"class_list":["post-353","post","type-post","status-publish","format-standard","has-post-thumbnail","hentry","category-sem-categoria"],"_links":{"self":[{"href":"https:\/\/www.globalprev.com.br\/institucional\/wp-json\/wp\/v2\/posts\/353","targetHints":{"allow":["GET"]}}],"collection":[{"href":"https:\/\/www.globalprev.com.br\/institucional\/wp-json\/wp\/v2\/posts"}],"about":[{"href":"https:\/\/www.globalprev.com.br\/institucional\/wp-json\/wp\/v2\/types\/post"}],"author":[{"embeddable":true,"href":"https:\/\/www.globalprev.com.br\/institucional\/wp-json\/wp\/v2\/users\/1"}],"replies":[{"embeddable":true,"href":"https:\/\/www.globalprev.com.br\/institucional\/wp-json\/wp\/v2\/comments?post=353"}],"version-history":[{"count":1,"href":"https:\/\/www.globalprev.com.br\/institucional\/wp-json\/wp\/v2\/posts\/353\/revisions"}],"predecessor-version":[{"id":355,"href":"https:\/\/www.globalprev.com.br\/institucional\/wp-json\/wp\/v2\/posts\/353\/revisions\/355"}],"wp:featuredmedia":[{"embeddable":true,"href":"https:\/\/www.globalprev.com.br\/institucional\/wp-json\/wp\/v2\/media\/354"}],"wp:attachment":[{"href":"https:\/\/www.globalprev.com.br\/institucional\/wp-json\/wp\/v2\/media?parent=353"}],"wp:term":[{"taxonomy":"category","embeddable":true,"href":"https:\/\/www.globalprev.com.br\/institucional\/wp-json\/wp\/v2\/categories?post=353"},{"taxonomy":"post_tag","embeddable":true,"href":"https:\/\/www.globalprev.com.br\/institucional\/wp-json\/wp\/v2\/tags?post=353"}],"curies":[{"name":"wp","href":"https:\/\/api.w.org\/{rel}","templated":true}]}}